{"id":124,"date":"2010-02-26T13:57:35","date_gmt":"2010-02-26T18:57:35","guid":{"rendered":"http:\/\/zariffa.com\/nabil\/?p=124"},"modified":"2010-02-26T13:59:42","modified_gmt":"2010-02-26T18:59:42","slug":"exposition-doeuvres-des-artiste-de-tram-a-st-justine","status":"publish","type":"post","link":"http:\/\/zariffa.com\/nabil\/2010\/02\/26\/exposition-doeuvres-des-artiste-de-tram-a-st-justine\/?lang=fr","title":{"rendered":"Exposition d&rsquo;\u0153uvres des artiste de TRAM \u00e0 St-Justine"},"content":{"rendered":"<p>Les membres de TRAM ont \u00e9t\u00e9 invit\u00e9s \u00e0 exposer leurs \u0153uvres dans a salle du conseil et les bureaux des m\u00e9decins \u00e0 Ste-Justine.<\/p>\n<p>Cela fait suite \u00e0 la visite du directeur de l&rsquo;h\u00f4pital aux bureaux du d\u00e9put\u00e9 de Ville Mont Royal, o\u00f9 il a vu les \u0153uvres des membres de TRAM expos\u00e9es.<\/p>\n<p>Vingt deux membres ont r\u00e9pondu \u00e0 l&rsquo;invitation, chaque membre pr\u00e9sentant un tableau.\u00a0 20% de la recette de la vente des tableaux ira \u00e0 la fondation de l&rsquo;h\u00f4pital.\u00a0 Une tr\u00e8s belle initiative!<\/p>\n<p>Pour ma part j&rsquo;expose cette photo:<\/p>\n<p><img loading=\"lazy\" decoding=\"async\" class=\"aligncenter size-full wp-image-127\" title=\"Bouquet_sauvage\" src=\"http:\/\/www.zariffa.com\/nabil\/wp-content\/uploads\/images\/Bouquet_sauvage.jpg\" alt=\"\" width=\"400\" height=\"314\" srcset=\"http:\/\/zariffa.com\/nabil\/wp-content\/uploads\/Bouquet_sauvage.jpg 400w, http:\/\/zariffa.com\/nabil\/wp-content\/uploads\/Bouquet_sauvage-300x235.jpg 300w\" sizes=\"auto, (max-width: 400px) 100vw, 400px\" \/><\/p>\n","protected":false},"excerpt":{"rendered":"<p>Les membres de TRAM ont \u00e9t\u00e9 invit\u00e9s \u00e0 exposer leurs \u0153uvres dans a salle du conseil et les bureaux des m\u00e9decins \u00e0 Ste-Justine. Cela fait suite \u00e0 la visite du directeur de l&rsquo;h\u00f4pital aux bureaux du d\u00e9put\u00e9 de Ville Mont Royal, o\u00f9 il a vu les \u0153uvres des membres de TRAM expos\u00e9es. Vingt deux membres [&hellip;]<\/p>\n","protected":false},"author":1,"featured_media":0,"comment_status":"open","ping_status":"open","sticky":false,"template":"","format":"standard","meta":{"footnotes":""},"categories":[3],"tags":[],"class_list":["post-124","post","type-post","status-publish","format-standard","hentry","category-photography"],"aioseo_notices":[],"_links":{"self":[{"href":"http:\/\/zariffa.com\/nabil\/wp-json\/wp\/v2\/posts\/124","targetHints":{"allow":["GET"]}}],"collection":[{"href":"http:\/\/zariffa.com\/nabil\/wp-json\/wp\/v2\/posts"}],"about":[{"href":"http:\/\/zariffa.com\/nabil\/wp-json\/wp\/v2\/types\/post"}],"author":[{"embeddable":true,"href":"http:\/\/zariffa.com\/nabil\/wp-json\/wp\/v2\/users\/1"}],"replies":[{"embeddable":true,"href":"http:\/\/zariffa.com\/nabil\/wp-json\/wp\/v2\/comments?post=124"}],"version-history":[{"count":6,"href":"http:\/\/zariffa.com\/nabil\/wp-json\/wp\/v2\/posts\/124\/revisions"}],"predecessor-version":[{"id":130,"href":"http:\/\/zariffa.com\/nabil\/wp-json\/wp\/v2\/posts\/124\/revisions\/130"}],"wp:attachment":[{"href":"http:\/\/zariffa.com\/nabil\/wp-json\/wp\/v2\/media?parent=124"}],"wp:term":[{"taxonomy":"category","embeddable":true,"href":"http:\/\/zariffa.com\/nabil\/wp-json\/wp\/v2\/categories?post=124"},{"taxonomy":"post_tag","embeddable":true,"href":"http:\/\/zariffa.com\/nabil\/wp-json\/wp\/v2\/tags?post=124"}],"curies":[{"name":"wp","href":"https:\/\/api.w.org\/{rel}","templated":true}]}}