{"id":28,"date":"2009-11-12T13:47:48","date_gmt":"2009-11-12T18:47:48","guid":{"rendered":"http:\/\/zariffa.com\/nabil\/?p=28"},"modified":"2010-02-25T14:52:57","modified_gmt":"2010-02-25T19:52:57","slug":"presentation-des-photos-pour-une-exposition","status":"publish","type":"post","link":"http:\/\/zariffa.com\/nabil\/2009\/11\/12\/presentation-des-photos-pour-une-exposition\/?lang=fr","title":{"rendered":"Pr\u00e9sentation des photos pour une exposition. Quel type de verre?"},"content":{"rendered":"<p>Quel type de vitre utiliser?<\/p>\n<p>Verre claire ou sans reflet?\u00a0 \u00c0 premier abord le verre sans reflet me semblait id\u00e9al, en fait je l&rsquo;ai utilis\u00e9 pour 2 de mes photos expos\u00e9es au Salon du TRAM en 2009.\u00a0 Malheureusement ce type de verre att\u00e9nue la luminosit\u00e9 des photos, elles paraissent \u00ab\u00a0\u00e9teinte\u00a0\u00bb.\u00a0 J&rsquo;ai donc opt\u00e9 pour le verre clair.<\/p>\n","protected":false},"excerpt":{"rendered":"<p>Quel type de vitre utiliser? Verre claire ou sans reflet?\u00a0 \u00c0 premier abord le verre sans reflet me semblait id\u00e9al, en fait je l&rsquo;ai utilis\u00e9 pour 2 de mes photos expos\u00e9es au Salon du TRAM en 2009.\u00a0 Malheureusement ce type de verre att\u00e9nue la luminosit\u00e9 des photos, elles paraissent \u00ab\u00a0\u00e9teinte\u00a0\u00bb.\u00a0 J&rsquo;ai donc opt\u00e9 pour le [&hellip;]<\/p>\n","protected":false},"author":1,"featured_media":0,"comment_status":"open","ping_status":"open","sticky":false,"template":"","format":"standard","meta":{"footnotes":""},"categories":[3],"tags":[],"class_list":["post-28","post","type-post","status-publish","format-standard","hentry","category-photography"],"aioseo_notices":[],"_links":{"self":[{"href":"http:\/\/zariffa.com\/nabil\/wp-json\/wp\/v2\/posts\/28","targetHints":{"allow":["GET"]}}],"collection":[{"href":"http:\/\/zariffa.com\/nabil\/wp-json\/wp\/v2\/posts"}],"about":[{"href":"http:\/\/zariffa.com\/nabil\/wp-json\/wp\/v2\/types\/post"}],"author":[{"embeddable":true,"href":"http:\/\/zariffa.com\/nabil\/wp-json\/wp\/v2\/users\/1"}],"replies":[{"embeddable":true,"href":"http:\/\/zariffa.com\/nabil\/wp-json\/wp\/v2\/comments?post=28"}],"version-history":[{"count":10,"href":"http:\/\/zariffa.com\/nabil\/wp-json\/wp\/v2\/posts\/28\/revisions"}],"predecessor-version":[{"id":72,"href":"http:\/\/zariffa.com\/nabil\/wp-json\/wp\/v2\/posts\/28\/revisions\/72"}],"wp:attachment":[{"href":"http:\/\/zariffa.com\/nabil\/wp-json\/wp\/v2\/media?parent=28"}],"wp:term":[{"taxonomy":"category","embeddable":true,"href":"http:\/\/zariffa.com\/nabil\/wp-json\/wp\/v2\/categories?post=28"},{"taxonomy":"post_tag","embeddable":true,"href":"http:\/\/zariffa.com\/nabil\/wp-json\/wp\/v2\/tags?post=28"}],"curies":[{"name":"wp","href":"https:\/\/api.w.org\/{rel}","templated":true}]}}